[{"@context":"https:\/\/schema.org\/","@type":"Article","@id":"https:\/\/www.senub.cz\/novy-interier\/#Article","mainEntityOfPage":"https:\/\/www.senub.cz\/novy-interier\/","headline":"Nov\u00fd interi\u00e9r","name":"Nov\u00fd interi\u00e9r","description":"Mysl\u00edm si, \u017ee bytov\u00fd architekt je dnes u\u017e lehce dostupn\u00fd. Proto\u017ee j\u00e1 si pamatuji, jak moje kamar\u00e1dka mi v\u017edycky \u0159\u00edkala, \u017ee u\u017e by cht\u011bla m\u00edt n\u011bjakou zm\u011bnu v dom\u011b. Moje","datePublished":"2022-09-18","dateModified":"2023-05-04","author":{"@type":"Person","@id":"https:\/\/www.senub.cz\/author\/#Person","name":"","url":"https:\/\/www.senub.cz\/author\/","identifier":1,"image":{"@type":"ImageObject","@id":"https:\/\/secure.gravatar.com\/avatar\/087c2e57f451bc02fa8017914855d7c40cf6c7d5dc1637b868e007adc26322d1?s=96&d=mm&r=g","url":"https:\/\/secure.gravatar.com\/avatar\/087c2e57f451bc02fa8017914855d7c40cf6c7d5dc1637b868e007adc26322d1?s=96&d=mm&r=g","height":96,"width":96}},"publisher":{"@type":"Organization","name":"senub.cz","logo":{"@type":"ImageObject","@id":"\/logo.png","url":"\/logo.png","width":600,"height":60}},"image":{"@type":"ImageObject","@id":"https:\/\/www.senub.cz\/wp-content\/uploads\/real-estate-g9c34a55d4_1920_1.jpg","url":"https:\/\/www.senub.cz\/wp-content\/uploads\/real-estate-g9c34a55d4_1920_1.jpg","height":0,"width":0},"url":"https:\/\/www.senub.cz\/novy-interier\/","wordCount":440,"articleBody":"         Mysl\u00edm si, \u017ee bytov\u00fd architekt je dnes u\u017e lehce dostupn\u00fd. Proto\u017ee j\u00e1 si pamatuji, jak moje kamar\u00e1dka mi v\u017edycky \u0159\u00edkala, \u017ee u\u017e by cht\u011bla m\u00edt n\u011bjakou zm\u011bnu v dom\u011b. Moje kamar\u00e1dka m\u00e1 opravdu velk\u00fd d\u016fm. Kamar\u00e1dka mi \u0159\u00edkala, \u017ee jej\u00ed d\u016fm u\u017e pot\u0159ebuje zm\u011bnu, ale v\u016fbec nev\u00edm jak na to. Ona u\u017e nem\u00e1 \u017e\u00e1dnou fantazii. Zkusila jsem j\u00ed navrhnout moje rady a tipy, ale opravdu se j\u00ed nic nel\u00edbilo. Tak jsem j\u00ed \u0159ekla, pro\u010d si nezavol\u00e1 n\u011bjak\u00e9ho profesion\u00e1ln\u00edho pomocn\u00edka, kter\u00fd by pomohl ud\u011blat p\u011bknou realizaci interi\u00e9ru jej\u00edho bydlen\u00ed. Kamar\u00e1dka necht\u011bla. A ona to necht\u011bla kv\u016fli tomu, \u017ee bude st\u00e1t profesion\u00e1l hodn\u011b pen\u011bz. J\u00e1 jsem se j\u00ed zeptala, pro\u010d by necht\u011bla n\u011bjak\u00e9ho bytov\u00e9ho architekta, kter\u00fd by j\u00ed pomohl. Mus\u00edm \u0159\u00edct, \u017ee jsem byla docela p\u0159ekvapen\u00e1, kdy\u017e potom za mnou p\u0159i\u0161el jej\u00ed p\u0159\u00edtel a \u0159ekl, \u017ee m\u00e1m skv\u011bl\u00fd n\u00e1pad. Jej\u00ed p\u0159\u00edtel \u0159ekl, \u017ee ur\u010dit\u011b si se\u017eene, jak\u00e9ho bytov\u00e9ho architekta, proto\u017ee u\u017e se doma taky nud\u00ed. No a j\u00e1 se jim ale nediv\u00edm. Bydlet u\u017e roky v jednom stylu bydlen\u00ed? No, to nen\u00ed v\u016fbec nic pro m\u011b. Mysl\u00edm si, \u017ee se t\u0159eba kamar\u00e1dka se sv\u00fdm p\u0159\u00edtelem h\u00e1daj\u00ed, tak cht\u011bj\u00ed n\u011bjak osv\u011b\u017eit  http:\/\/www.rozhlas.cz\/ostrava\/publicistika\/_zprava\/cestou-na-prasivou-se-muzete-osvezit-vodou-ze-studanky-kterou-vybudovali-tamni-seniori&#8211;1745045 nejenom vztah, ale taky bydlen\u00ed. Podle m\u00e9ho n\u00e1zoru to chce zm\u011bnu. Nemus\u00ed to b\u00fdt nic velk\u00e9ho a nic razantn\u00edho. Sta\u010d\u00ed v\u00e1\u017en\u011b n\u011bjak\u00e1 mali\u010dkost a zm\u011bna jde opravdu dost vid\u011bt. A t\u0159eba nap\u0159\u00edklad j\u00e1 si d\u011bl\u00e1m zm\u011bnu interi\u00e9ru ka\u017ed\u00fd rok. V\u017edycky t\u00fdden p\u0159ed V\u00e1nocemi. A nev\u00edm pro\u010d, v\u017edycky mi to p\u0159ijde takov\u00e9 hodn\u011b sv\u011b\u017e\u00ed, nov\u00e9 a l\u00edb\u00ed se mi to. A tak jsem to navrhla sv\u00e9 kamar\u00e1dce. Kamar\u00e1dka \u0159ekla, \u017ee to skv\u011bl\u00fd n\u00e1pad. Nakonec tady se sv\u00fdm p\u0159\u00edtelem vybrali kvalitn\u00edho bytov\u00e9ho architekta. Ani za to nedali tolik pen\u011bz, jak si kamar\u00e1dka myslela. V\u00edte, j\u00e1 kamar\u00e1dku moc dob\u0159e ch\u00e1pu, \u017ee nechce utr\u00e1cet pen\u00edze, ale v\u011b\u0159te mi, \u017ee ona je a\u017e moc velk\u00fd \u0161et\u0159\u00edlek. Moje kamar\u00e1dka, aby si nechala pro korunu vrtat koleno. Tak\u017ee asi bytov\u00fd architekt by pro ni dost. Uvid\u00edme, jak se to vyvine.                                                                                                                                                                                                                                                                                                                                                                                          4.2\/5 - (9 votes)        "},{"@context":"https:\/\/schema.org\/","@type":"BreadcrumbList","itemListElement":[{"@type":"ListItem","position":1,"name":"Nov\u00fd interi\u00e9r","item":"https:\/\/www.senub.cz\/novy-interier\/#breadcrumbitem"}]}]