[{"@context":"https:\/\/schema.org\/","@type":"Article","@id":"https:\/\/www.senub.cz\/kardigan-s-kapuci-ktery-vas-zahreje-ve-studenych-zimnich-dnech\/#Article","mainEntityOfPage":"https:\/\/www.senub.cz\/kardigan-s-kapuci-ktery-vas-zahreje-ve-studenych-zimnich-dnech\/","headline":"Kardigan s kapuc\u00ed, kter\u00fd v\u00e1s zah\u0159eje ve studen\u00fdch zimn\u00edch dnech","name":"Kardigan s kapuc\u00ed, kter\u00fd v\u00e1s zah\u0159eje ve studen\u00fdch zimn\u00edch dnech","description":"Cht\u011bla byste si po\u0159\u00eddit n\u011bjak\u00fd teplou\u010dk\u00fd a p\u0159\u00edjemn\u00fd svet\u0159\u00edk, nejl\u00e9pe kardigan, do kter\u00e9ho byste se mohla schovat p\u0159ed zimou a po\u0159\u00e1dn\u011b se do n\u011bj zachumlat? Tak to jste u n\u00e1s","datePublished":"2021-10-26","dateModified":"2023-05-04","author":{"@type":"Person","@id":"https:\/\/www.senub.cz\/author\/#Person","name":"","url":"https:\/\/www.senub.cz\/author\/","identifier":1,"image":{"@type":"ImageObject","@id":"https:\/\/secure.gravatar.com\/avatar\/087c2e57f451bc02fa8017914855d7c40cf6c7d5dc1637b868e007adc26322d1?s=96&d=mm&r=g","url":"https:\/\/secure.gravatar.com\/avatar\/087c2e57f451bc02fa8017914855d7c40cf6c7d5dc1637b868e007adc26322d1?s=96&d=mm&r=g","height":96,"width":96}},"publisher":{"@type":"Organization","name":"senub.cz","logo":{"@type":"ImageObject","@id":"\/logo.png","url":"\/logo.png","width":600,"height":60}},"image":{"@type":"ImageObject","@id":"https:\/\/www.senub.cz\/wp-content\/uploads\/Screenshot%202021-11-25%20at%2019.13.40.png","url":"https:\/\/www.senub.cz\/wp-content\/uploads\/Screenshot%202021-11-25%20at%2019.13.40.png","height":0,"width":0},"url":"https:\/\/www.senub.cz\/kardigan-s-kapuci-ktery-vas-zahreje-ve-studenych-zimnich-dnech\/","about":["N\u00e1kupy"],"wordCount":400,"articleBody":"        Cht\u011bla byste si po\u0159\u00eddit n\u011bjak\u00fd teplou\u010dk\u00fd a p\u0159\u00edjemn\u00fd svet\u0159\u00edk, nejl\u00e9pe kardigan, do kter\u00e9ho byste se mohla schovat p\u0159ed zimou a po\u0159\u00e1dn\u011b se do n\u011bj zachumlat? Tak to jste u n\u00e1s spr\u00e1vn\u011b. My, v mlada-moda.cz, nab\u00edz\u00edme opravdu velk\u00fd v\u00fdb\u011br v\u0161ech r\u016fzn\u00fdch kardigan\u016f s kapuc\u00ed nejr\u016fzn\u011bj\u0161\u00edch barev a st\u0159ih\u016f. Nev\u011b\u0159\u00edte? Nav\u0161tivte n\u00e1\u0161 e-shop a p\u0159esv\u011bd\u010dte se sami. Nejv\u00edce obl\u00edben\u00fdm kardiganem je pr\u00e1v\u011b dlouh\u00fd kardigan s kapsami a kapuc\u00ed, kter\u00fd je moment\u00e1ln\u011b dostupn\u00fd ve 22 barv\u00e1ch. Je obl\u00edben\u00fd, proto\u017ee kr\u00e1sn\u011b h\u0159eje a je jednoduch\u00fd, tud\u00ed\u017e ho m\u016f\u017eete p\u0159ehodit p\u0159es jak\u00fdkoliv outfit a zachumlat se do n\u011bj pr\u00e1v\u011b p\u0159ed tou vlezlou zimou co je venku. Co se t\u00fdk\u00e1 velikosti, tak ta je univerz\u00e1ln\u00ed. Kardigan m\u016f\u017eou nosit \u017eeny co maj\u00ed velikost M a\u017e XL. Nav\u00edc je vyroben z velmi kvalitn\u00edho materi\u00e1lu. Obsahuje z 90 % bavlnu a z 10 % elastan. Nejobl\u00edben\u011bj\u0161\u00ed je v z\u00e1kladn\u00edch barv\u00e1ch jako jsou odst\u00edny \u0161ediv\u00e9, b\u00e9\u017eov\u00e9 a pot\u00e9 b\u00edl\u00e1 s \u010dernou. Ka\u017edop\u00e1dn\u011b jestli m\u00e1te r\u00e1da pastelov\u00e9 barvi\u010dky, rozhodn\u011b doporu\u010dujeme pastelov\u011b r\u016f\u017eovou, kter\u00e1 v\u00e1s celkov\u011b zjemn\u00ed a budete v n\u00ed p\u016fsobit v\u00edce \u017eensky. Dal\u0161\u00edm hodn\u011b popul\u00e1rn\u00edm kouskem je k\u00e1rovan\u00fd kardigan Kareem s kapsami a kapuc\u00ed, kter\u00fd je moment\u00e1ln\u011b dostupn\u00fd v \u0161esti r\u016fzn\u00fdch barv\u00e1ch \u2013 \u0161ed\u00e1, b\u00e9\u017eov\u00e1, pudrov\u011b r\u016f\u017eov\u00e1, takzvan\u00e1 \u201ecamel\u201c barva, d\u00e1le khaki a sv\u011btle \u017elut\u00e1. Tento kardigan s kapuc\u00ed pat\u0159\u00ed mezi extravagantn\u011bj\u0161\u00ed kousky, ve kter\u00fdch v\u00e1s rozhodn\u011b nikdo jen tak nep\u0159ehl\u00e9dne. Slo\u017een\u00ed je u\u017e v\u00edce \u201eposkl\u00e1dan\u011bj\u0161\u00ed\u201c a tvo\u0159\u00ed ho z 60 % akryl, z 25 % polyamid a z 15 % elite. Tak, jako v\u0161echny kardigany, ho nab\u00edz\u00edme v UNI velikosti.  To ale rozhodn\u011b nen\u00ed v\u0161e. Nav\u0161tivte n\u00e1\u0161 e-shop mlada-moda.cz a koukn\u011bte se na ostatn\u00ed kardigany, kter\u00e9 m\u00e1me v na\u0161\u00ed nab\u00eddce, a kter\u00e9 slu\u0161\u00ed jak blond\u00fdnk\u00e1m, zrzk\u00e1m, tak i \u010dernovl\u00e1sk\u00e1m a brunetk\u00e1m. N\u00e1v\u0161t\u011bvu na\u0161ich webov\u00fdch str\u00e1nek rozhodn\u011b nebudete pova\u017eovat za ztracen\u00fd \u010das, kter\u00e9ho byste litovala.                                                                                                                                                                                                                                                                                                                                                                                           4.1\/5 - (11 votes)        "},{"@context":"https:\/\/schema.org\/","@type":"BreadcrumbList","itemListElement":[{"@type":"ListItem","position":1,"name":"Kardigan s kapuc\u00ed, kter\u00fd v\u00e1s zah\u0159eje ve studen\u00fdch zimn\u00edch dnech","item":"https:\/\/www.senub.cz\/kardigan-s-kapuci-ktery-vas-zahreje-ve-studenych-zimnich-dnech\/#breadcrumbitem"}]}]