[{"@context":"https:\/\/schema.org\/","@type":"Article","@id":"https:\/\/www.senub.cz\/kamenny-obklad-na-zateplenou-fasadu-neni-zadny-problem\/#Article","mainEntityOfPage":"https:\/\/www.senub.cz\/kamenny-obklad-na-zateplenou-fasadu-neni-zadny-problem\/","headline":"Kamenn\u00fd obklad na zateplenou fas\u00e1du nen\u00ed \u017e\u00e1dn\u00fd probl\u00e9m","name":"Kamenn\u00fd obklad na zateplenou fas\u00e1du nen\u00ed \u017e\u00e1dn\u00fd probl\u00e9m","description":"V dne\u0161n\u00ed dob\u011b nep\u0159edstavuje nic probl\u00e9m. Dokonce ani kamenn\u00fd obklad na zateplenou fas\u00e1du . Pokud byste o takov\u00fd kamenn\u00fd obklad m\u011bli z\u00e1jem, ale boj\u00edte se, \u017ee se vyskytne n\u011bjak\u00fd probl\u00e9m,","datePublished":"2021-08-11","dateModified":"2023-09-19","author":{"@type":"Person","@id":"https:\/\/www.senub.cz\/author\/#Person","name":"","url":"https:\/\/www.senub.cz\/author\/","identifier":1,"image":{"@type":"ImageObject","@id":"https:\/\/secure.gravatar.com\/avatar\/087c2e57f451bc02fa8017914855d7c40cf6c7d5dc1637b868e007adc26322d1?s=96&d=mm&r=g","url":"https:\/\/secure.gravatar.com\/avatar\/087c2e57f451bc02fa8017914855d7c40cf6c7d5dc1637b868e007adc26322d1?s=96&d=mm&r=g","height":96,"width":96}},"publisher":{"@type":"Organization","name":"senub.cz","logo":{"@type":"ImageObject","@id":"\/logo.png","url":"\/logo.png","width":600,"height":60}},"image":{"@type":"ImageObject","@id":"https:\/\/www.senub.cz\/wp-content\/uploads\/kamenn%C3%A9%20textury.PNG","url":"https:\/\/www.senub.cz\/wp-content\/uploads\/kamenn%C3%A9%20textury.PNG","height":0,"width":0},"url":"https:\/\/www.senub.cz\/kamenny-obklad-na-zateplenou-fasadu-neni-zadny-problem\/","about":["Slu\u017eby"],"wordCount":419,"articleBody":"V dne\u0161n\u00ed dob\u011b nep\u0159edstavuje nic probl\u00e9m. Dokonce ani kamenn\u00fd obklad na zateplenou fas\u00e1du . Pokud byste o takov\u00fd kamenn\u00fd obklad m\u011bli z\u00e1jem, ale boj\u00edte se, \u017ee se vyskytne n\u011bjak\u00fd probl\u00e9m, pokud jej d\u00e1te na zateplenou fas\u00e1du, pak se rozhodn\u011b nebojte. \u017d\u00e1dn\u00fd probl\u00e9m zde nevznikne.Jestli je ale n\u011bco, na \u010dem by si \u010dlov\u011bk m\u011bl d\u00e1t z\u00e1le\u017eet, pak je to v\u00fdb\u011br vhodn\u00e9ho kamene. T\u011bch kamenn\u00fdch obklad\u016f, kter\u00e9 m\u016f\u017eete vyu\u017e\u00edt, nen\u00ed m\u00e1lo a je na v\u00e1s, abyste si vybrali nejen podle toho, co se v\u00e1m l\u00edb\u00ed ale tak\u00e9 podle toho, co se bude k va\u0161\u00ed fas\u00e1d\u011b v\u00edce ne\u017e hodit.Pokud nav\u0161t\u00edv\u00edte jednu webovou str\u00e1nku, kter\u00e1 se prodejem kamenn\u00fdch obklad\u016f zab\u00fdv\u00e1, sami zjist\u00edte, \u017ee v\u00fdb\u011br rozhodn\u011b nen\u00ed mal\u00fd. \u010clov\u011bk si opravdu m\u016f\u017ee vsadit na co jen bude cht\u00edt. Ur\u010dit\u011b ale nen\u00ed na \u0161kodu promyslet si, na co vsad\u00edte pr\u00e1v\u011b vy.Takov\u00fd kamenn\u00fd obklad nevypad\u00e1 na fas\u00e1d\u011b v\u016fbec \u0161patn\u011b. Pokud si nedok\u00e1\u017eete p\u0159edstavit, jak by n\u011bco takov\u00e9ho mohlo vypadat, pak se pod\u00edvejte na fotografie, kter\u00e9 najdete na internetu. Jist\u011b se v\u00e1m poda\u0159\u00ed to, co byste r\u00e1di na\u0161li, dohledat. Je ur\u010dit\u011b v\u00edce ne\u017e dobr\u00e9, pokud si \u010dlov\u011bk ud\u011bl\u00e1 p\u0159edstavu, jak by mohlo n\u011bco takov\u00e9ho vypadat. Jist\u011b i vy n\u011bco takov\u00e9ho ocen\u00edte.Rozhodn\u011b nev\u00e1hejte a pokud zjist\u00edte, \u017ee se v\u00e1m n\u011bco takov\u00e9ho opravdu velmi l\u00edb\u00ed, pak si kamenn\u00fd obklad objednejte. Jist\u011b v\u00e1m bude velmi brzy doru\u010den. Skute\u010dn\u011b ka\u017ed\u00fd m\u016f\u017ee m\u00edt fas\u00e1du podle sv\u00fdch p\u0159edstav a to dokonce i vy. Nev\u00e1hejte a vyu\u017eijte t\u00e9to mo\u017enosti, proto\u017ee estetika hraje v dne\u0161n\u00ed dob\u011b velkou roli. Mo\u017en\u00e1, \u017ee i vy sami jste ji\u017e na n\u011bco takov\u00e9ho p\u0159i\u0161li. Je tomu opravdu tak.V\u011b\u0159\u00edme, \u017ee pr\u00e1v\u011b vy byste mohli b\u00fdt s n\u011b\u010d\u00edm takov\u00fdm v\u00edce ne\u017e spokojeni. Nebojte se, \u017ee byste litovali toho, \u017ee jste do n\u011b\u010deho takov\u00e9ho \u0161li. Budete spokojeni tak, jak byste to ani ne\u010dekali. Kamenn\u00e9 obklady vypadaj\u00ed naprosto dokonale a jist\u011b i v\u00e1s mile p\u0159ekvap\u00ed. Zkuste mu d\u00e1t \u0161anci i vy. Vyplat\u00ed se to.                                                                                                                                                                                                                                                                                                                                                                                         4\/5 - (1 vote)        "},{"@context":"https:\/\/schema.org\/","@type":"BreadcrumbList","itemListElement":[{"@type":"ListItem","position":1,"name":"Kamenn\u00fd obklad na zateplenou fas\u00e1du nen\u00ed \u017e\u00e1dn\u00fd probl\u00e9m","item":"https:\/\/www.senub.cz\/kamenny-obklad-na-zateplenou-fasadu-neni-zadny-problem\/#breadcrumbitem"}]}]